{"id":979,"date":"2020-11-09T13:09:11","date_gmt":"2020-11-09T12:09:11","guid":{"rendered":"https:\/\/kikev.de\/goerlitz\/?p=979"},"modified":"2020-11-09T13:10:58","modified_gmt":"2020-11-09T12:10:58","slug":"termine-und-vorhaben-im-novmber2020","status":"publish","type":"post","link":"https:\/\/kikev.de\/goerlitz\/2020\/11\/09\/termine-und-vorhaben-im-novmber2020\/","title":{"rendered":"Termine und Vorhaben im November2020"},"content":{"rendered":"<p class=\"western\" align=\"left\"><span style=\"font-family: Constantia, serif\"><span style=\"font-size: large\">4.11.20\u00a0 \u00a0 \u00a0 \u00a0 \u00a0 Zahnputzschwester Annett \u00fcbt mit uns das richtige Z\u00e4hneputzen. Wir spielen \u201eMein rechter, rechter Platz ist leer\u201c\u00a0 und w\u00fcnschen uns dabei lauter gesunde Nahrungsmittel her. Bitte denken Sie an das blaue Vorsorgeheft.<\/span><\/span><\/p>\n<p class=\"western\" align=\"left\"><span style=\"font-family: Constantia, serif\"><span style=\"font-size: large\">4.11.20\u00a0 \u00a0 \u00a0 \u00a0 \u00a0 Blutspende in unseren Hortr\u00e4umen (Bitte vereinbaren Sie online einen Termin)<\/span><\/span><\/p>\n<p class=\"western\" align=\"left\"><span style=\"font-family: Constantia, serif\"><span style=\"font-size: large\">6.11.20\u00a0 \u00a0 \u00a0 \u00a0 \u00a0 Der Fotograf kommt.<\/span><\/span><\/p>\n<p class=\"western\" align=\"left\"><span style=\"font-family: Constantia, serif\"><span style=\"font-size: large\">Leider darf der geplante Laternenumzug nicht stattfinden. Wir haben uns entschlossen, trotzdem mit Ihren Kindern Laternen zu basteln, um Licht in die dunkle Novemberzeit zu bringen. Gern kann Ihr Kind mit Laterne in den Kindergarten kommen und nach Hause gehen.<\/span><\/span><\/p>\n<p class=\"western\" align=\"left\"><span style=\"font-family: Constantia, serif\"><span style=\"font-size: large\">Der <span style=\"color: #ff0000\">Elternrat<\/span> m\u00f6chte stattdessen einen Walpurgisnacht-Laternenumzug durchf\u00fchren. So k\u00f6nnten wir den Winter fr\u00f6hlich singend vertreiben. Hoffentlich klappt dies.<\/span><\/span><\/p>\n<p class=\"western\" align=\"left\"><span style=\"font-family: Constantia, serif\"><span style=\"font-size: large\">Am Dienstag, den 24.11.20, laden die Mitglieder des <span style=\"color: #ff0000\">F\u00f6rdervereins<\/span> um 19:00 Uhr zur Mitgliederversammlung in unsere Hortr\u00e4ume ein. Bitte denken Sie an den Mund-Nasen-Schutz. Abst\u00e4nde k\u00f6nnen gut eingehalten werden.<\/span><\/span><\/p>\n<p class=\"western\" align=\"left\"><span style=\"font-family: Constantia, serif\"><span style=\"font-size: large\">In der letzten Novemberwoche basteln wir gemeinsam mit den Kindern Adventsgestecke. Diese k\u00f6nnen Sie vor dem 1. Advent f\u00fcr zu Hause erwerben.<\/span><\/span><\/p>\n<p class=\"western\" align=\"left\"><span style=\"font-family: Constantia, serif\"><span style=\"font-size: large\">Au\u00dferdem freuen wir uns \u00fcber Spenden von Tannengr\u00fcn, damit wir unser Haus und die Gruppenr\u00e4ume weihnachtlich dekorieren k\u00f6nnen. Wenn m\u00f6glich, geben Sie es nach dem Bu\u00df- und Bettag ab. Schon jetzt vielen lieben Dank daf\u00fcr.<\/span><\/span><\/p>\n<p class=\"western\" align=\"left\"><span style=\"font-family: Constantia, serif\"><span style=\"font-size: large\">Kommen Sie gut durch den November und bleiben Sie alle gesund!<\/span><\/span><\/p>\n<p class=\"western\" align=\"left\"><span style=\"font-family: Constantia, serif\"><span style=\"font-size: large\">Ihr Kita-Team.<\/span><\/span><\/p>\n","protected":false},"excerpt":{"rendered":"<p>4.11.20\u00a0 \u00a0 \u00a0 \u00a0 \u00a0 Zahnputzschwester Annett \u00fcbt mit uns das richtige Z\u00e4hneputzen. Wir spielen \u201eMein rechter, rechter Platz ist leer\u201c\u00a0 und w\u00fcnschen uns dabei lauter gesunde Nahrungsmittel her. Bitte denken Sie an das blaue Vorsorgeheft. 4.11.20\u00a0 \u00a0 \u00a0 \u00a0 \u00a0 Blutspende in unseren Hortr\u00e4umen (Bitte vereinbaren Sie online einen Termin) 6.11.20\u00a0 \u00a0 \u00a0 \u00a0 [&hellip;]<\/p>\n","protected":false},"author":5,"featured_media":981,"comment_status":"closed","ping_status":"closed","sticky":false,"template":"","format":"standard","meta":{"_et_pb_use_builder":"","_et_pb_old_content":"","_et_gb_content_width":"","footnotes":""},"categories":[1],"tags":[],"class_list":["post-979","post","type-post","status-publish","format-standard","has-post-thumbnail","hentry","category-allgemein"],"_links":{"self":[{"href":"https:\/\/kikev.de\/goerlitz\/wp-json\/wp\/v2\/posts\/979","targetHints":{"allow":["GET"]}}],"collection":[{"href":"https:\/\/kikev.de\/goerlitz\/wp-json\/wp\/v2\/posts"}],"about":[{"href":"https:\/\/kikev.de\/goerlitz\/wp-json\/wp\/v2\/types\/post"}],"author":[{"embeddable":true,"href":"https:\/\/kikev.de\/goerlitz\/wp-json\/wp\/v2\/users\/5"}],"replies":[{"embeddable":true,"href":"https:\/\/kikev.de\/goerlitz\/wp-json\/wp\/v2\/comments?post=979"}],"version-history":[{"count":0,"href":"https:\/\/kikev.de\/goerlitz\/wp-json\/wp\/v2\/posts\/979\/revisions"}],"wp:featuredmedia":[{"embeddable":true,"href":"https:\/\/kikev.de\/goerlitz\/wp-json\/wp\/v2\/media\/981"}],"wp:attachment":[{"href":"https:\/\/kikev.de\/goerlitz\/wp-json\/wp\/v2\/media?parent=979"}],"wp:term":[{"taxonomy":"category","embeddable":true,"href":"https:\/\/kikev.de\/goerlitz\/wp-json\/wp\/v2\/categories?post=979"},{"taxonomy":"post_tag","embeddable":true,"href":"https:\/\/kikev.de\/goerlitz\/wp-json\/wp\/v2\/tags?post=979"}],"curies":[{"name":"wp","href":"https:\/\/api.w.org\/{rel}","templated":true}]}}