{"id":986,"date":"2020-11-17T13:25:01","date_gmt":"2020-11-17T12:25:01","guid":{"rendered":"https:\/\/kikev.de\/goerlitz\/?p=986"},"modified":"2020-12-09T22:49:36","modified_gmt":"2020-12-09T21:49:36","slug":"kiga-herbstwanderung-um-die-landeskrone","status":"publish","type":"post","link":"https:\/\/kikev.de\/goerlitz\/2020\/11\/17\/kiga-herbstwanderung-um-die-landeskrone\/","title":{"rendered":"Kiga: Herbstwanderung um die Landeskrone"},"content":{"rendered":"<p>Wir nutzten das ruhige Herbstwetter und wanderten gemeinsam um unseren Hausberg. Es lie\u00df sich wunderbar durch das viele Laub rascheln, wir genossen sch\u00f6ne Ausblicke und entdeckten eine kleine Asth\u00fctte. <img loading=\"lazy\" decoding=\"async\" width=\"300\" height=\"225\" class=\"alignnone size-medium wp-image-987\" src=\"https:\/\/kikev.de\/goerlitz\/wp-content\/uploads\/sites\/5\/2020\/11\/P1020582w-300x225.jpg\" alt=\"\" srcset=\"https:\/\/kikev.de\/goerlitz\/wp-content\/uploads\/sites\/5\/2020\/11\/P1020582w-300x225.jpg 300w, https:\/\/kikev.de\/goerlitz\/wp-content\/uploads\/sites\/5\/2020\/11\/P1020582w-1024x768.jpg 1024w, https:\/\/kikev.de\/goerlitz\/wp-content\/uploads\/sites\/5\/2020\/11\/P1020582w-768x576.jpg 768w, https:\/\/kikev.de\/goerlitz\/wp-content\/uploads\/sites\/5\/2020\/11\/P1020582w.jpg 1333w\" sizes=\"auto, (max-width: 300px) 100vw, 300px\" \/> <img loading=\"lazy\" decoding=\"async\" width=\"225\" height=\"300\" class=\"alignnone size-medium wp-image-988\" src=\"https:\/\/kikev.de\/goerlitz\/wp-content\/uploads\/sites\/5\/2020\/11\/w-225x300.jpg\" alt=\"\" srcset=\"https:\/\/kikev.de\/goerlitz\/wp-content\/uploads\/sites\/5\/2020\/11\/w-225x300.jpg 225w, https:\/\/kikev.de\/goerlitz\/wp-content\/uploads\/sites\/5\/2020\/11\/w-768x1024.jpg 768w, https:\/\/kikev.de\/goerlitz\/wp-content\/uploads\/sites\/5\/2020\/11\/w-rotated.jpg 1000w\" sizes=\"auto, (max-width: 225px) 100vw, 225px\" \/> <img loading=\"lazy\" decoding=\"async\" width=\"300\" height=\"225\" class=\"alignnone size-medium wp-image-989\" src=\"https:\/\/kikev.de\/goerlitz\/wp-content\/uploads\/sites\/5\/2020\/11\/P1020575w-300x225.jpg\" alt=\"\" srcset=\"https:\/\/kikev.de\/goerlitz\/wp-content\/uploads\/sites\/5\/2020\/11\/P1020575w-300x225.jpg 300w, https:\/\/kikev.de\/goerlitz\/wp-content\/uploads\/sites\/5\/2020\/11\/P1020575w-1024x768.jpg 1024w, https:\/\/kikev.de\/goerlitz\/wp-content\/uploads\/sites\/5\/2020\/11\/P1020575w-768x576.jpg 768w, https:\/\/kikev.de\/goerlitz\/wp-content\/uploads\/sites\/5\/2020\/11\/P1020575w.jpg 1333w\" sizes=\"auto, (max-width: 300px) 100vw, 300px\" \/> <img loading=\"lazy\" decoding=\"async\" width=\"225\" height=\"300\" class=\"alignnone size-medium wp-image-991\" src=\"https:\/\/kikev.de\/goerlitz\/wp-content\/uploads\/sites\/5\/2020\/11\/P1020576w-1-225x300.jpg\" alt=\"\" srcset=\"https:\/\/kikev.de\/goerlitz\/wp-content\/uploads\/sites\/5\/2020\/11\/P1020576w-1-225x300.jpg 225w, https:\/\/kikev.de\/goerlitz\/wp-content\/uploads\/sites\/5\/2020\/11\/P1020576w-1.jpg 703w\" sizes=\"auto, (max-width: 225px) 100vw, 225px\" \/><\/p>\n","protected":false},"excerpt":{"rendered":"<p>Wir nutzten das ruhige Herbstwetter und wanderten gemeinsam um unseren Hausberg. Es lie\u00df sich wunderbar durch das viele Laub rascheln, wir genossen sch\u00f6ne Ausblicke und entdeckten eine kleine Asth\u00fctte.<\/p>\n","protected":false},"author":5,"featured_media":988,"comment_status":"closed","ping_status":"closed","sticky":false,"template":"","format":"standard","meta":{"_et_pb_use_builder":"off","_et_pb_old_content":"","_et_gb_content_width":"","footnotes":""},"categories":[1],"tags":[],"class_list":["post-986","post","type-post","status-publish","format-standard","has-post-thumbnail","hentry","category-allgemein"],"_links":{"self":[{"href":"https:\/\/kikev.de\/goerlitz\/wp-json\/wp\/v2\/posts\/986","targetHints":{"allow":["GET"]}}],"collection":[{"href":"https:\/\/kikev.de\/goerlitz\/wp-json\/wp\/v2\/posts"}],"about":[{"href":"https:\/\/kikev.de\/goerlitz\/wp-json\/wp\/v2\/types\/post"}],"author":[{"embeddable":true,"href":"https:\/\/kikev.de\/goerlitz\/wp-json\/wp\/v2\/users\/5"}],"replies":[{"embeddable":true,"href":"https:\/\/kikev.de\/goerlitz\/wp-json\/wp\/v2\/comments?post=986"}],"version-history":[{"count":0,"href":"https:\/\/kikev.de\/goerlitz\/wp-json\/wp\/v2\/posts\/986\/revisions"}],"wp:featuredmedia":[{"embeddable":true,"href":"https:\/\/kikev.de\/goerlitz\/wp-json\/wp\/v2\/media\/988"}],"wp:attachment":[{"href":"https:\/\/kikev.de\/goerlitz\/wp-json\/wp\/v2\/media?parent=986"}],"wp:term":[{"taxonomy":"category","embeddable":true,"href":"https:\/\/kikev.de\/goerlitz\/wp-json\/wp\/v2\/categories?post=986"},{"taxonomy":"post_tag","embeddable":true,"href":"https:\/\/kikev.de\/goerlitz\/wp-json\/wp\/v2\/tags?post=986"}],"curies":[{"name":"wp","href":"https:\/\/api.w.org\/{rel}","templated":true}]}}