{"id":792,"date":"2019-07-04T13:39:22","date_gmt":"2019-07-04T11:39:22","guid":{"rendered":"https:\/\/kikev.de\/goerlitz\/?p=792"},"modified":"2019-07-04T13:39:22","modified_gmt":"2019-07-04T11:39:22","slug":"abschied-von-frau-kretzschmar","status":"publish","type":"post","link":"https:\/\/kikev.de\/goerlitz\/2019\/07\/04\/abschied-von-frau-kretzschmar\/","title":{"rendered":"Abschied von Frau Kretzschmar"},"content":{"rendered":"<p>Heute ist es nun so weit. Der letzte Tag in unserem FR\u00d6BEL-Kinderhaus &#8222;Nikolaivorstadt&#8220; ist gekommen. Nach einem langen Berufsleben, davon \u00fcber 20 Jahre als Leiterin unserer Einrichtung, verabschieden wir alle gemeinsam Frau Ulrike Kretzschmar in den wohlverdienten Ruhestand.<\/p>\n<p>Wir sagen &#8222;Danke&#8220; f\u00fcr die gelungene Zusammenarbeit und w\u00fcnschen viel Gesundheit und Freude f\u00fcr die nun kommende FREI-Zeit.<\/p>\n<p>In unserem Garten treffen wir uns zum Abschiedskreis. Mit einer &#8222;Kutsche&#8220; f\u00fchren die Kinder Frau Kretzschmar an ihren Ehrenplatz, und dann kommen auch schon die vielen Gratulanten: Frau Ritterwald tr\u00e4gt ein selbst gereimtes Gedicht vor, Frau G\u00e4rtner \u00fcbergibt das von allen Kindern unseres FR\u00d6BEL-Kinderhauses gestaltete Abschiedsgem\u00e4lde. Von unserm Team gibt es einen Gutschein f\u00fcr sch\u00f6ne Reisen und ein kleines Fotobuch mit Erinnerungen aus vergangenen Jahren.<\/p>\n<p>Gratulieren kommen ebenfalls Frau Haase von der benachbarten Grundschule und Frau Hepper vom F\u00f6rderverein unseres FR\u00d6BEL-Kinderhauses.<\/p>\n<p>Schlie\u00dflich \u00fcberreicht der Elternrat das Geschenk aller Eltern. (Recht vielen Dank allen Familien, die dies mit ihrer Spende erm\u00f6glicht haben.)<\/p>\n<p>Liebe Ulrike, genie\u00dfe den nun kommenden Lebensabschnitt in vollen Z\u00fcgen und lass es dir gut gehen!!!<\/p>\n<p>&nbsp;<\/p>\n<p><img loading=\"lazy\" decoding=\"async\" width=\"225\" height=\"300\" class=\"size-medium wp-image-798\" src=\"https:\/\/kikev.de\/goerlitz\/wp-content\/uploads\/sites\/5\/2019\/07\/IMG_20190626_095853w-225x300.jpg\" alt=\"\" srcset=\"https:\/\/kikev.de\/goerlitz\/wp-content\/uploads\/sites\/5\/2019\/07\/IMG_20190626_095853w-225x300.jpg 225w, https:\/\/kikev.de\/goerlitz\/wp-content\/uploads\/sites\/5\/2019\/07\/IMG_20190626_095853w.jpg 750w\" sizes=\"auto, (max-width: 225px) 100vw, 225px\" \/><\/p>\n<p><img loading=\"lazy\" decoding=\"async\" width=\"300\" height=\"225\" class=\"size-medium wp-image-799\" src=\"https:\/\/kikev.de\/goerlitz\/wp-content\/uploads\/sites\/5\/2019\/07\/IMG_20190626_100149w-300x225.jpg\" alt=\"\" srcset=\"https:\/\/kikev.de\/goerlitz\/wp-content\/uploads\/sites\/5\/2019\/07\/IMG_20190626_100149w-300x225.jpg 300w, https:\/\/kikev.de\/goerlitz\/wp-content\/uploads\/sites\/5\/2019\/07\/IMG_20190626_100149w-768x576.jpg 768w, https:\/\/kikev.de\/goerlitz\/wp-content\/uploads\/sites\/5\/2019\/07\/IMG_20190626_100149w.jpg 1000w\" sizes=\"auto, (max-width: 300px) 100vw, 300px\" \/><\/p>\n<p><img loading=\"lazy\" decoding=\"async\" width=\"300\" height=\"217\" class=\"size-medium wp-image-801\" src=\"https:\/\/kikev.de\/goerlitz\/wp-content\/uploads\/sites\/5\/2019\/07\/IMG_20190626_100436w-300x217.jpg\" alt=\"\" srcset=\"https:\/\/kikev.de\/goerlitz\/wp-content\/uploads\/sites\/5\/2019\/07\/IMG_20190626_100436w-300x217.jpg 300w, https:\/\/kikev.de\/goerlitz\/wp-content\/uploads\/sites\/5\/2019\/07\/IMG_20190626_100436w-768x554.jpg 768w, https:\/\/kikev.de\/goerlitz\/wp-content\/uploads\/sites\/5\/2019\/07\/IMG_20190626_100436w.jpg 1000w\" sizes=\"auto, (max-width: 300px) 100vw, 300px\" \/><\/p>\n<p>&nbsp;<\/p>\n<p><img loading=\"lazy\" decoding=\"async\" width=\"217\" height=\"300\" class=\"size-medium wp-image-793\" src=\"https:\/\/kikev.de\/goerlitz\/wp-content\/uploads\/sites\/5\/2019\/07\/IMG_20190626_100530w-217x300.jpg\" alt=\"\" srcset=\"https:\/\/kikev.de\/goerlitz\/wp-content\/uploads\/sites\/5\/2019\/07\/IMG_20190626_100530w-217x300.jpg 217w, https:\/\/kikev.de\/goerlitz\/wp-content\/uploads\/sites\/5\/2019\/07\/IMG_20190626_100530w.jpg 722w\" sizes=\"auto, (max-width: 217px) 100vw, 217px\" \/><\/p>\n<p><img loading=\"lazy\" decoding=\"async\" width=\"217\" height=\"300\" class=\"size-medium wp-image-794\" src=\"https:\/\/kikev.de\/goerlitz\/wp-content\/uploads\/sites\/5\/2019\/07\/IMG_20190626_100720w-217x300.jpg\" alt=\"\" srcset=\"https:\/\/kikev.de\/goerlitz\/wp-content\/uploads\/sites\/5\/2019\/07\/IMG_20190626_100720w-217x300.jpg 217w, https:\/\/kikev.de\/goerlitz\/wp-content\/uploads\/sites\/5\/2019\/07\/IMG_20190626_100720w.jpg 722w\" sizes=\"auto, (max-width: 217px) 100vw, 217px\" \/><\/p>\n<p>&nbsp;<\/p>\n<p><img loading=\"lazy\" decoding=\"async\" width=\"217\" height=\"300\" class=\"size-medium wp-image-795\" src=\"https:\/\/kikev.de\/goerlitz\/wp-content\/uploads\/sites\/5\/2019\/07\/IMG_20190626_100748w-217x300.jpg\" alt=\"\" srcset=\"https:\/\/kikev.de\/goerlitz\/wp-content\/uploads\/sites\/5\/2019\/07\/IMG_20190626_100748w-217x300.jpg 217w, https:\/\/kikev.de\/goerlitz\/wp-content\/uploads\/sites\/5\/2019\/07\/IMG_20190626_100748w.jpg 722w\" sizes=\"auto, (max-width: 217px) 100vw, 217px\" \/><\/p>\n<p>&nbsp;<\/p>\n<p><img loading=\"lazy\" decoding=\"async\" width=\"225\" height=\"300\" class=\"size-medium wp-image-800\" src=\"https:\/\/kikev.de\/goerlitz\/wp-content\/uploads\/sites\/5\/2019\/07\/IMG_20190626_100305w-225x300.jpg\" alt=\"\" srcset=\"https:\/\/kikev.de\/goerlitz\/wp-content\/uploads\/sites\/5\/2019\/07\/IMG_20190626_100305w-225x300.jpg 225w, https:\/\/kikev.de\/goerlitz\/wp-content\/uploads\/sites\/5\/2019\/07\/IMG_20190626_100305w.jpg 750w\" sizes=\"auto, (max-width: 225px) 100vw, 225px\" \/><\/p>\n<p>&nbsp;<\/p>\n<p><img loading=\"lazy\" decoding=\"async\" width=\"217\" height=\"300\" class=\"size-medium wp-image-796\" src=\"https:\/\/kikev.de\/goerlitz\/wp-content\/uploads\/sites\/5\/2019\/07\/IMG_20190626_100905w-217x300.jpg\" alt=\"\" srcset=\"https:\/\/kikev.de\/goerlitz\/wp-content\/uploads\/sites\/5\/2019\/07\/IMG_20190626_100905w-217x300.jpg 217w, https:\/\/kikev.de\/goerlitz\/wp-content\/uploads\/sites\/5\/2019\/07\/IMG_20190626_100905w.jpg 722w\" sizes=\"auto, (max-width: 217px) 100vw, 217px\" \/><\/p>\n<p><img loading=\"lazy\" decoding=\"async\" width=\"300\" height=\"225\" class=\"alignnone size-medium wp-image-797\" src=\"https:\/\/kikev.de\/goerlitz\/wp-content\/uploads\/sites\/5\/2019\/07\/IMG_2049w-300x225.jpg\" alt=\"\" srcset=\"https:\/\/kikev.de\/goerlitz\/wp-content\/uploads\/sites\/5\/2019\/07\/IMG_2049w-300x225.jpg 300w, https:\/\/kikev.de\/goerlitz\/wp-content\/uploads\/sites\/5\/2019\/07\/IMG_2049w-768x576.jpg 768w, https:\/\/kikev.de\/goerlitz\/wp-content\/uploads\/sites\/5\/2019\/07\/IMG_2049w.jpg 1000w\" sizes=\"auto, (max-width: 300px) 100vw, 300px\" \/><\/p>\n","protected":false},"excerpt":{"rendered":"<p>Heute ist es nun so weit. Der letzte Tag in unserem FR\u00d6BEL-Kinderhaus &#8222;Nikolaivorstadt&#8220; ist gekommen. Nach einem langen Berufsleben, davon \u00fcber 20 Jahre als Leiterin unserer Einrichtung, verabschieden wir alle gemeinsam Frau Ulrike Kretzschmar in den wohlverdienten Ruhestand. Wir sagen &#8222;Danke&#8220; f\u00fcr die gelungene Zusammenarbeit und w\u00fcnschen viel Gesundheit und Freude f\u00fcr die nun kommende [&hellip;]<\/p>\n","protected":false},"author":5,"featured_media":799,"comment_status":"closed","ping_status":"closed","sticky":false,"template":"","format":"standard","meta":{"_et_pb_use_builder":"","_et_pb_old_content":"","_et_gb_content_width":"","footnotes":""},"categories":[1],"tags":[],"class_list":["post-792","post","type-post","status-publish","format-standard","has-post-thumbnail","hentry","category-allgemein"],"_links":{"self":[{"href":"https:\/\/kikev.de\/goerlitz\/wp-json\/wp\/v2\/posts\/792","targetHints":{"allow":["GET"]}}],"collection":[{"href":"https:\/\/kikev.de\/goerlitz\/wp-json\/wp\/v2\/posts"}],"about":[{"href":"https:\/\/kikev.de\/goerlitz\/wp-json\/wp\/v2\/types\/post"}],"author":[{"embeddable":true,"href":"https:\/\/kikev.de\/goerlitz\/wp-json\/wp\/v2\/users\/5"}],"replies":[{"embeddable":true,"href":"https:\/\/kikev.de\/goerlitz\/wp-json\/wp\/v2\/comments?post=792"}],"version-history":[{"count":0,"href":"https:\/\/kikev.de\/goerlitz\/wp-json\/wp\/v2\/posts\/792\/revisions"}],"wp:featuredmedia":[{"embeddable":true,"href":"https:\/\/kikev.de\/goerlitz\/wp-json\/wp\/v2\/media\/799"}],"wp:attachment":[{"href":"https:\/\/kikev.de\/goerlitz\/wp-json\/wp\/v2\/media?parent=792"}],"wp:term":[{"taxonomy":"category","embeddable":true,"href":"https:\/\/kikev.de\/goerlitz\/wp-json\/wp\/v2\/categories?post=792"},{"taxonomy":"post_tag","embeddable":true,"href":"https:\/\/kikev.de\/goerlitz\/wp-json\/wp\/v2\/tags?post=792"}],"curies":[{"name":"wp","href":"https:\/\/api.w.org\/{rel}","templated":true}]}}