{"id":558,"date":"2018-09-07T13:02:42","date_gmt":"2018-09-07T11:02:42","guid":{"rendered":"https:\/\/kikev.de\/goerlitz\/?p=558"},"modified":"2018-09-07T13:02:42","modified_gmt":"2018-09-07T11:02:42","slug":"kiga-wanderung-um-die-landeskrone","status":"publish","type":"post","link":"https:\/\/kikev.de\/goerlitz\/2018\/09\/07\/kiga-wanderung-um-die-landeskrone\/","title":{"rendered":"Kiga: Wanderung um die Landeskrone"},"content":{"rendered":"<p><span style=\"font-family: 'Kristen ITC'\"><span style=\"color: #000000\">Auch dieses Kindergartenjahr begannen wir mit einer Wanderung um die Landeskrone. Unsere kleinen, neuen Kinder haben sich schon gut eingelebt, so dass wir ihnen diesen Ausflug zutrauen. <\/span><\/span><\/p>\n<p><span style=\"font-family: 'Kristen ITC'\"><span style=\"color: #000000\">Obwohl es in der Natur sehr trocken ist, konnten wir doch Ameisen, K\u00e4fer und Schmetterlinge entdecken, V\u00f6gel h\u00f6ren und einen Greifvogel auf der Jagd nach M\u00e4usen beobachten. Dabei kamen wir mit den selbst gefundenen Wanderst\u00f6cken gut voran.<\/span><\/span><\/p>\n<p><span style=\"font-family: 'Kristen ITC'\"><span style=\"color: #000000\">Das Essen wurde uns von Herrn Berg bis an den Waldrand gebracht. Zuverl\u00e4ssig wie immer, vielen Dank!<\/span><\/span><\/p>\n<p><span style=\"font-family: 'Kristen ITC'\"><span style=\"color: #000000\">Den R\u00fcckweg fuhren wir mit der Stra\u00dfenbahn, denn nun waren wir doch etwas m\u00fcde.<\/span><\/span><\/p>\n<p><img loading=\"lazy\" decoding=\"async\" width=\"300\" height=\"225\" class=\"alignnone size-medium wp-image-560\" src=\"https:\/\/kikev.de\/goerlitz\/wp-content\/uploads\/sites\/5\/2018\/09\/DSCI0201-300x225.jpg\" alt=\"\" srcset=\"https:\/\/kikev.de\/goerlitz\/wp-content\/uploads\/sites\/5\/2018\/09\/DSCI0201-300x225.jpg 300w, https:\/\/kikev.de\/goerlitz\/wp-content\/uploads\/sites\/5\/2018\/09\/DSCI0201-768x576.jpg 768w, https:\/\/kikev.de\/goerlitz\/wp-content\/uploads\/sites\/5\/2018\/09\/DSCI0201-1024x768.jpg 1024w, https:\/\/kikev.de\/goerlitz\/wp-content\/uploads\/sites\/5\/2018\/09\/DSCI0201.jpg 1300w\" sizes=\"auto, (max-width: 300px) 100vw, 300px\" \/> <img loading=\"lazy\" decoding=\"async\" width=\"300\" height=\"207\" class=\"alignnone size-medium wp-image-561\" src=\"https:\/\/kikev.de\/goerlitz\/wp-content\/uploads\/sites\/5\/2018\/09\/DSCI0237-300x207.jpg\" alt=\"\" srcset=\"https:\/\/kikev.de\/goerlitz\/wp-content\/uploads\/sites\/5\/2018\/09\/DSCI0237-300x207.jpg 300w, https:\/\/kikev.de\/goerlitz\/wp-content\/uploads\/sites\/5\/2018\/09\/DSCI0237-768x531.jpg 768w, https:\/\/kikev.de\/goerlitz\/wp-content\/uploads\/sites\/5\/2018\/09\/DSCI0237-1024x707.jpg 1024w, https:\/\/kikev.de\/goerlitz\/wp-content\/uploads\/sites\/5\/2018\/09\/DSCI0237.jpg 1300w\" sizes=\"auto, (max-width: 300px) 100vw, 300px\" \/><img loading=\"lazy\" decoding=\"async\" width=\"300\" height=\"207\" class=\"alignnone size-medium wp-image-559\" src=\"https:\/\/kikev.de\/goerlitz\/wp-content\/uploads\/sites\/5\/2018\/09\/DSCI0243-300x207.jpg\" alt=\"\" srcset=\"https:\/\/kikev.de\/goerlitz\/wp-content\/uploads\/sites\/5\/2018\/09\/DSCI0243-300x207.jpg 300w, https:\/\/kikev.de\/goerlitz\/wp-content\/uploads\/sites\/5\/2018\/09\/DSCI0243-768x531.jpg 768w, https:\/\/kikev.de\/goerlitz\/wp-content\/uploads\/sites\/5\/2018\/09\/DSCI0243-1024x707.jpg 1024w, https:\/\/kikev.de\/goerlitz\/wp-content\/uploads\/sites\/5\/2018\/09\/DSCI0243.jpg 1300w\" sizes=\"auto, (max-width: 300px) 100vw, 300px\" \/><\/p>\n","protected":false},"excerpt":{"rendered":"<p>Auch dieses Kindergartenjahr begannen wir mit einer Wanderung um die Landeskrone. Unsere kleinen, neuen Kinder haben sich schon gut eingelebt, so dass wir ihnen diesen Ausflug zutrauen. Obwohl es in der Natur sehr trocken ist, konnten wir doch Ameisen, K\u00e4fer und Schmetterlinge entdecken, V\u00f6gel h\u00f6ren und einen Greifvogel auf der Jagd nach M\u00e4usen beobachten. Dabei [&hellip;]<\/p>\n","protected":false},"author":5,"featured_media":559,"comment_status":"open","ping_status":"open","sticky":false,"template":"","format":"standard","meta":{"_et_pb_use_builder":"","_et_pb_old_content":"","_et_gb_content_width":"","footnotes":""},"categories":[1],"tags":[],"class_list":["post-558","post","type-post","status-publish","format-standard","has-post-thumbnail","hentry","category-allgemein"],"_links":{"self":[{"href":"https:\/\/kikev.de\/goerlitz\/wp-json\/wp\/v2\/posts\/558","targetHints":{"allow":["GET"]}}],"collection":[{"href":"https:\/\/kikev.de\/goerlitz\/wp-json\/wp\/v2\/posts"}],"about":[{"href":"https:\/\/kikev.de\/goerlitz\/wp-json\/wp\/v2\/types\/post"}],"author":[{"embeddable":true,"href":"https:\/\/kikev.de\/goerlitz\/wp-json\/wp\/v2\/users\/5"}],"replies":[{"embeddable":true,"href":"https:\/\/kikev.de\/goerlitz\/wp-json\/wp\/v2\/comments?post=558"}],"version-history":[{"count":0,"href":"https:\/\/kikev.de\/goerlitz\/wp-json\/wp\/v2\/posts\/558\/revisions"}],"wp:featuredmedia":[{"embeddable":true,"href":"https:\/\/kikev.de\/goerlitz\/wp-json\/wp\/v2\/media\/559"}],"wp:attachment":[{"href":"https:\/\/kikev.de\/goerlitz\/wp-json\/wp\/v2\/media?parent=558"}],"wp:term":[{"taxonomy":"category","embeddable":true,"href":"https:\/\/kikev.de\/goerlitz\/wp-json\/wp\/v2\/categories?post=558"},{"taxonomy":"post_tag","embeddable":true,"href":"https:\/\/kikev.de\/goerlitz\/wp-json\/wp\/v2\/tags?post=558"}],"curies":[{"name":"wp","href":"https:\/\/api.w.org\/{rel}","templated":true}]}}