{"id":2225,"date":"2026-03-03T06:32:14","date_gmt":"2026-03-03T05:32:14","guid":{"rendered":"https:\/\/kikev.de\/goerlitz\/?p=2225"},"modified":"2026-03-03T06:33:29","modified_gmt":"2026-03-03T05:33:29","slug":"winterferien-im-hort","status":"publish","type":"post","link":"https:\/\/kikev.de\/goerlitz\/2026\/03\/03\/winterferien-im-hort\/","title":{"rendered":"Winterferien im Hort"},"content":{"rendered":"<p>In unseren Winterferien erlebten wir viele coole Sachen!<br \/>\nIm Schlesischen Museum besuchten wir die Ausstellung &#8222;Krass, Alter!&#8220;<\/p>\n<p><img loading=\"lazy\" decoding=\"async\" width=\"200\" height=\"300\" class=\"size-medium wp-image-2227 alignleft\" src=\"https:\/\/kikev.de\/goerlitz\/wp-content\/uploads\/sites\/5\/2026\/03\/w1030592-200x300.jpg\" alt=\"\" \/><\/p>\n<p>&nbsp;<\/p>\n<p><img loading=\"lazy\" decoding=\"async\" width=\"300\" height=\"200\" class=\"size-medium wp-image-2228 alignnone\" src=\"https:\/\/kikev.de\/goerlitz\/wp-content\/uploads\/sites\/5\/2026\/03\/w1030601-300x200.jpg\" alt=\"\" \/><\/p>\n<p>&nbsp;<\/p>\n<p>In der Sporthalle ma\u00dfen wir unsere Kr\u00e4fte mit den Hortkindern der &#8222;Altstadtstrolche&#8220;.<\/p>\n<p><img loading=\"lazy\" decoding=\"async\" width=\"200\" height=\"300\" class=\"alignnone size-medium wp-image-2230\" src=\"https:\/\/kikev.de\/goerlitz\/wp-content\/uploads\/sites\/5\/2026\/03\/w1030633-200x300.jpg\" alt=\"\" \/>\u00a0 <img loading=\"lazy\" decoding=\"async\" width=\"200\" height=\"300\" class=\"alignnone size-medium wp-image-2229\" src=\"https:\/\/kikev.de\/goerlitz\/wp-content\/uploads\/sites\/5\/2026\/03\/w1030606-200x300.jpg\" alt=\"\" \/> <img loading=\"lazy\" decoding=\"async\" width=\"300\" height=\"221\" class=\"alignnone size-medium wp-image-2231\" src=\"https:\/\/kikev.de\/goerlitz\/wp-content\/uploads\/sites\/5\/2026\/03\/w1030638-300x221.jpg\" alt=\"\" \/><\/p>\n<p>Am Wellness-Tag konnten wir entspannen und neue Energie tanken.<\/p>\n<p><img loading=\"lazy\" decoding=\"async\" width=\"300\" height=\"200\" class=\"alignnone size-medium wp-image-2233\" src=\"https:\/\/kikev.de\/goerlitz\/wp-content\/uploads\/sites\/5\/2026\/03\/w1030675-300x200.jpg\" alt=\"\" \/>\u00a0 \u00a0 <img loading=\"lazy\" decoding=\"async\" width=\"200\" height=\"300\" class=\"alignnone size-medium wp-image-2232\" src=\"https:\/\/kikev.de\/goerlitz\/wp-content\/uploads\/sites\/5\/2026\/03\/w1030671-200x300.jpg\" alt=\"\" \/><\/p>\n<p>Es wurde gekocht und wir lie\u00dfen uns Nudeln mit Tomatenso\u00dfe und als Dessert M\u00f6hrensalat schmecken.<\/p>\n<p><img loading=\"lazy\" decoding=\"async\" width=\"300\" height=\"208\" class=\"size-medium wp-image-2226 alignleft\" src=\"https:\/\/kikev.de\/goerlitz\/wp-content\/uploads\/sites\/5\/2026\/03\/w1030678-300x208.jpg\" alt=\"\" \/><\/p>\n<p>&nbsp;<\/p>\n<p>&nbsp;<\/p>\n<p>&nbsp;<\/p>\n<p>&nbsp;<\/p>\n<p>&nbsp;<\/p>\n<p>In der 2. Woche feierten wir fr\u00f6hlich Fasching und gingen ins Kino.<\/p>\n","protected":false},"excerpt":{"rendered":"<p>In unseren Winterferien erlebten wir viele coole Sachen! Im Schlesischen Museum besuchten wir die Ausstellung &#8222;Krass, Alter!&#8220; &nbsp; &nbsp; In der Sporthalle ma\u00dfen wir unsere Kr\u00e4fte mit den Hortkindern der &#8222;Altstadtstrolche&#8220;. \u00a0 Am Wellness-Tag konnten wir entspannen und neue Energie tanken. \u00a0 \u00a0 Es wurde gekocht und wir lie\u00dfen uns Nudeln mit Tomatenso\u00dfe und als [&hellip;]<\/p>\n","protected":false},"author":5,"featured_media":2228,"comment_status":"closed","ping_status":"closed","sticky":false,"template":"","format":"standard","meta":{"_et_pb_use_builder":"","_et_pb_old_content":"","_et_gb_content_width":"","footnotes":""},"categories":[1],"tags":[],"class_list":["post-2225","post","type-post","status-publish","format-standard","has-post-thumbnail","hentry","category-allgemein"],"_links":{"self":[{"href":"https:\/\/kikev.de\/goerlitz\/wp-json\/wp\/v2\/posts\/2225","targetHints":{"allow":["GET"]}}],"collection":[{"href":"https:\/\/kikev.de\/goerlitz\/wp-json\/wp\/v2\/posts"}],"about":[{"href":"https:\/\/kikev.de\/goerlitz\/wp-json\/wp\/v2\/types\/post"}],"author":[{"embeddable":true,"href":"https:\/\/kikev.de\/goerlitz\/wp-json\/wp\/v2\/users\/5"}],"replies":[{"embeddable":true,"href":"https:\/\/kikev.de\/goerlitz\/wp-json\/wp\/v2\/comments?post=2225"}],"version-history":[{"count":3,"href":"https:\/\/kikev.de\/goerlitz\/wp-json\/wp\/v2\/posts\/2225\/revisions"}],"predecessor-version":[{"id":2236,"href":"https:\/\/kikev.de\/goerlitz\/wp-json\/wp\/v2\/posts\/2225\/revisions\/2236"}],"wp:featuredmedia":[{"embeddable":true,"href":"https:\/\/kikev.de\/goerlitz\/wp-json\/wp\/v2\/media\/2228"}],"wp:attachment":[{"href":"https:\/\/kikev.de\/goerlitz\/wp-json\/wp\/v2\/media?parent=2225"}],"wp:term":[{"taxonomy":"category","embeddable":true,"href":"https:\/\/kikev.de\/goerlitz\/wp-json\/wp\/v2\/categories?post=2225"},{"taxonomy":"post_tag","embeddable":true,"href":"https:\/\/kikev.de\/goerlitz\/wp-json\/wp\/v2\/tags?post=2225"}],"curies":[{"name":"wp","href":"https:\/\/api.w.org\/{rel}","templated":true}]}}