{"id":2221,"date":"2026-02-24T13:18:15","date_gmt":"2026-02-24T12:18:15","guid":{"rendered":"https:\/\/kikev.de\/goerlitz\/?p=2221"},"modified":"2026-02-24T13:18:15","modified_gmt":"2026-02-24T12:18:15","slug":"ergebnis-elternbefragung","status":"publish","type":"post","link":"https:\/\/kikev.de\/goerlitz\/2026\/02\/24\/ergebnis-elternbefragung\/","title":{"rendered":"Ergebnis Elternbefragung"},"content":{"rendered":"<p class=\"western\" align=\"left\"><span style=\"font-family: Constantia, serif\"><span style=\"font-size: large\">Zu Beginn des Jahres f\u00fchrten wir in unserem Kindergarten eine Elternbefragung durch. <\/span><\/span><\/p>\n<p class=\"western\" align=\"left\"><strong><span style=\"font-family: Constantia, serif\"><span style=\"font-size: large\">Thema:<br \/>\n<\/span><\/span><\/strong><span style=\"font-family: Constantia, serif\"><span style=\"font-size: large\">Wie sch\u00e4tzen die Eltern die verschiedenen Formen der Zusammenarbeit zwischen Team des FR\u00d6BEL-Kinderhauses und ihrer Familie ein bzw. wie zufrieden sind sie damit.<\/span><\/span><\/p>\n<p class=\"western\" align=\"left\"><span style=\"font-family: Constantia, serif\"><span style=\"font-size: large\">An der Befragung beteiligten sich fast 50% der Familien, wor\u00fcber wir uns sehr gefreut haben. Darunter waren auch Familien, die ihr Kind erst seit Kurzem zu uns bringen.<\/span><\/span><\/p>\n<p class=\"western\" align=\"left\"><span style=\"font-family: Constantia, serif\"><span style=\"font-size: large\">Die Ergebnisse zeigen, dass die Familien gro\u00dfes Vertrauen in unser Team haben, sehr zufrieden mit Zusammenarbeit und Kommunikation sind und insbesondere die Arbeit der p\u00e4dag. Fachkr\u00e4fte anerkennen.<\/span><\/span><\/p>\n<p class=\"western\" align=\"left\"><span style=\"font-family: Constantia, serif\"><span style=\"font-size: large\">Dar\u00fcber haben wir uns sehr gefreut und f\u00fchlen uns darin best\u00e4rkt, den gemeinsamen Weg mit Freude und Enthusiasmus und vielen Ideen weiter zu gehen.<\/span><\/span><\/p>\n<p class=\"western\" align=\"left\"><span style=\"font-family: Constantia, serif\"><span style=\"font-size: large\">Vielen Dank an Praktikantin Julia, die diese Elternbefragung initiert und durchgef\u00fchrt hat.<\/span><\/span><\/p>\n<p align=\"left\"><img loading=\"lazy\" decoding=\"async\" class=\"alignnone wp-image-2222\" src=\"https:\/\/kikev.de\/goerlitz\/wp-content\/uploads\/sites\/5\/2026\/02\/webIMG20260224130221-300x204.jpg\" alt=\"\" width=\"397\" height=\"270\" \/> <img loading=\"lazy\" decoding=\"async\" class=\"alignnone wp-image-2223\" src=\"https:\/\/kikev.de\/goerlitz\/wp-content\/uploads\/sites\/5\/2026\/02\/webMG20260224130221-300x230.jpg\" alt=\"\" width=\"398\" height=\"305\" \/><\/p>\n","protected":false},"excerpt":{"rendered":"<p>Zu Beginn des Jahres f\u00fchrten wir in unserem Kindergarten eine Elternbefragung durch. Thema: Wie sch\u00e4tzen die Eltern die verschiedenen Formen der Zusammenarbeit zwischen Team des FR\u00d6BEL-Kinderhauses und ihrer Familie ein bzw. wie zufrieden sind sie damit. An der Befragung beteiligten sich fast 50% der Familien, wor\u00fcber wir uns sehr gefreut haben. Darunter waren auch Familien, [&hellip;]<\/p>\n","protected":false},"author":5,"featured_media":0,"comment_status":"closed","ping_status":"closed","sticky":false,"template":"","format":"standard","meta":{"_et_pb_use_builder":"","_et_pb_old_content":"","_et_gb_content_width":"","footnotes":""},"categories":[1],"tags":[],"class_list":["post-2221","post","type-post","status-publish","format-standard","hentry","category-allgemein"],"_links":{"self":[{"href":"https:\/\/kikev.de\/goerlitz\/wp-json\/wp\/v2\/posts\/2221","targetHints":{"allow":["GET"]}}],"collection":[{"href":"https:\/\/kikev.de\/goerlitz\/wp-json\/wp\/v2\/posts"}],"about":[{"href":"https:\/\/kikev.de\/goerlitz\/wp-json\/wp\/v2\/types\/post"}],"author":[{"embeddable":true,"href":"https:\/\/kikev.de\/goerlitz\/wp-json\/wp\/v2\/users\/5"}],"replies":[{"embeddable":true,"href":"https:\/\/kikev.de\/goerlitz\/wp-json\/wp\/v2\/comments?post=2221"}],"version-history":[{"count":1,"href":"https:\/\/kikev.de\/goerlitz\/wp-json\/wp\/v2\/posts\/2221\/revisions"}],"predecessor-version":[{"id":2224,"href":"https:\/\/kikev.de\/goerlitz\/wp-json\/wp\/v2\/posts\/2221\/revisions\/2224"}],"wp:attachment":[{"href":"https:\/\/kikev.de\/goerlitz\/wp-json\/wp\/v2\/media?parent=2221"}],"wp:term":[{"taxonomy":"category","embeddable":true,"href":"https:\/\/kikev.de\/goerlitz\/wp-json\/wp\/v2\/categories?post=2221"},{"taxonomy":"post_tag","embeddable":true,"href":"https:\/\/kikev.de\/goerlitz\/wp-json\/wp\/v2\/tags?post=2221"}],"curies":[{"name":"wp","href":"https:\/\/api.w.org\/{rel}","templated":true}]}}