{"id":2072,"date":"2025-05-23T20:14:31","date_gmt":"2025-05-23T18:14:31","guid":{"rendered":"https:\/\/kikev.de\/goerlitz\/?p=2072"},"modified":"2025-05-23T20:14:31","modified_gmt":"2025-05-23T18:14:31","slug":"20-jahre-froebel-hort","status":"publish","type":"post","link":"https:\/\/kikev.de\/goerlitz\/2025\/05\/23\/20-jahre-froebel-hort\/","title":{"rendered":"20 Jahre FR\u00d6BEL-Hort"},"content":{"rendered":"<p>Mit einem gro\u00dfem Gartenfest feierten wir heute den 20. Geburtstag unseres FR\u00d6BEL-Hortes. Wir m\u00f6chten uns auf diesem Wege bei allen Familien bedanken, die uns bei der Durchf\u00fchrung so tatkr\u00e4ftig unterst\u00fctzt haben.<br \/>\nEs war ein fr\u00f6hlicher, gem\u00fctlicher Nachmittag.<br \/>\nAls Geschenk wurde unser neues Ranzenregal eingeweiht. Nun k\u00f6nnen die Hortkinder besser Ordnung halten und auch wenn es ein bisschen regnet, m\u00fcssen die Kinder nicht gleich ins Haus gehen. die Ranzen stehen im Trockenen.<\/p>\n<p><img loading=\"lazy\" decoding=\"async\" width=\"300\" height=\"225\" class=\"size-medium wp-image-2100\" src=\"https:\/\/kikev.de\/goerlitz\/wp-content\/uploads\/sites\/5\/2025\/05\/IMG20250523155538-300x225.jpg\" alt=\"\" \/><\/p>\n<p>Zu Beginn unseres Festes f\u00fchrten die Hortkinder die Geschichte vom RAP-HUHN auf. Leben auf dem Land oder in der Stadt? Am Ende waren sich beide Seiten einig, dass es Positives in beiden Bereichen gibt.<\/p>\n<p><img loading=\"lazy\" decoding=\"async\" width=\"225\" height=\"300\" class=\"alignnone size-medium wp-image-2088\" src=\"https:\/\/kikev.de\/goerlitz\/wp-content\/uploads\/sites\/5\/2025\/05\/IMG20250523153550-225x300.jpg\" alt=\"\" \/> <img loading=\"lazy\" decoding=\"async\" width=\"300\" height=\"225\" class=\"alignnone size-medium wp-image-2093\" src=\"https:\/\/kikev.de\/goerlitz\/wp-content\/uploads\/sites\/5\/2025\/05\/IMG20250523154746-300x225.jpg\" alt=\"\" \/> <img loading=\"lazy\" decoding=\"async\" width=\"300\" height=\"225\" class=\"alignnone size-medium wp-image-2096\" src=\"https:\/\/kikev.de\/goerlitz\/wp-content\/uploads\/sites\/5\/2025\/05\/IMG20250523154858-300x225.jpg\" alt=\"\" \/> <img loading=\"lazy\" decoding=\"async\" width=\"300\" height=\"225\" class=\"alignnone size-medium wp-image-2097\" src=\"https:\/\/kikev.de\/goerlitz\/wp-content\/uploads\/sites\/5\/2025\/05\/IMG20250523154943-300x225.jpg\" alt=\"\" \/> <img loading=\"lazy\" decoding=\"async\" width=\"225\" height=\"300\" class=\"alignnone size-medium wp-image-2095\" src=\"https:\/\/kikev.de\/goerlitz\/wp-content\/uploads\/sites\/5\/2025\/05\/IMG20250523154842-225x300.jpg\" alt=\"\" \/> <img loading=\"lazy\" decoding=\"async\" width=\"300\" height=\"225\" class=\"alignnone size-medium wp-image-2101\" src=\"https:\/\/kikev.de\/goerlitz\/wp-content\/uploads\/sites\/5\/2025\/05\/IMG20250523155848-300x225.jpg\" alt=\"\" \/> <img loading=\"lazy\" decoding=\"async\" width=\"225\" height=\"300\" class=\"alignnone size-medium wp-image-2102\" src=\"https:\/\/kikev.de\/goerlitz\/wp-content\/uploads\/sites\/5\/2025\/05\/IMG20250523155851-225x300.jpg\" alt=\"\" \/> <img loading=\"lazy\" decoding=\"async\" width=\"300\" height=\"225\" class=\"alignnone size-medium wp-image-2073\" src=\"https:\/\/kikev.de\/goerlitz\/wp-content\/uploads\/sites\/5\/2025\/05\/IMG20250523160133-300x225.jpg\" alt=\"\" \/> <img loading=\"lazy\" decoding=\"async\" width=\"300\" height=\"225\" class=\"alignnone size-medium wp-image-2074\" src=\"https:\/\/kikev.de\/goerlitz\/wp-content\/uploads\/sites\/5\/2025\/05\/IMG20250523160229-300x225.jpg\" alt=\"\" \/> <img loading=\"lazy\" decoding=\"async\" width=\"300\" height=\"225\" class=\"alignnone size-medium wp-image-2094\" src=\"https:\/\/kikev.de\/goerlitz\/wp-content\/uploads\/sites\/5\/2025\/05\/IMG20250523154803-300x225.jpg\" alt=\"\" \/> <img loading=\"lazy\" decoding=\"async\" width=\"300\" height=\"225\" class=\"alignnone size-medium wp-image-2099\" src=\"https:\/\/kikev.de\/goerlitz\/wp-content\/uploads\/sites\/5\/2025\/05\/IMG20250523155234-300x225.jpg\" alt=\"\" \/><\/p>\n<p>Vom Publikum gab es viel Befall!<br \/>\nDanach war alles bereit f\u00fcr einen gelungenen Nachmittag in unserem sch\u00f6nen Garten.<br \/>\nDas Buffet war reich best\u00fcckt, die Waffeleisen waren aufgeheizt und auch zum Schminken und Z\u00f6pfe flechten stand alles bereit.<\/p>\n<p><img loading=\"lazy\" decoding=\"async\" width=\"225\" height=\"300\" class=\"alignnone size-medium wp-image-2090\" src=\"https:\/\/kikev.de\/goerlitz\/wp-content\/uploads\/sites\/5\/2025\/05\/IMG20250523153948-225x300.jpg\" alt=\"\" \/> <img loading=\"lazy\" decoding=\"async\" width=\"300\" height=\"225\" class=\"alignnone size-medium wp-image-2098\" src=\"https:\/\/kikev.de\/goerlitz\/wp-content\/uploads\/sites\/5\/2025\/05\/IMG20250523155220-300x225.jpg\" alt=\"\" \/> <img loading=\"lazy\" decoding=\"async\" width=\"225\" height=\"300\" class=\"alignnone size-medium wp-image-2091\" src=\"https:\/\/kikev.de\/goerlitz\/wp-content\/uploads\/sites\/5\/2025\/05\/IMG20250523154036-225x300.jpg\" alt=\"\" \/> <img loading=\"lazy\" decoding=\"async\" width=\"225\" height=\"300\" class=\"alignnone size-medium wp-image-2089\" src=\"https:\/\/kikev.de\/goerlitz\/wp-content\/uploads\/sites\/5\/2025\/05\/IMG20250523153911-225x300.jpg\" alt=\"\" \/> <img loading=\"lazy\" decoding=\"async\" width=\"300\" height=\"225\" class=\"alignnone size-medium wp-image-2087\" src=\"https:\/\/kikev.de\/goerlitz\/wp-content\/uploads\/sites\/5\/2025\/05\/IMG20250523153517-300x225.jpg\" alt=\"\" \/><\/p>\n<p>Im Sandkasten erwachte Goldgr\u00e4berstimmung. Wie ist nur dieser Goldschatz dahin gekommen? Das Suchen und Entdecken sorgte jedenfalls f\u00fcr Begeisterung.<br \/>\n<img loading=\"lazy\" decoding=\"async\" width=\"300\" height=\"225\" class=\"alignnone size-medium wp-image-2077\" src=\"https:\/\/kikev.de\/goerlitz\/wp-content\/uploads\/sites\/5\/2025\/05\/IMG20250523161740-300x225.jpg\" alt=\"\" \/> <img loading=\"lazy\" decoding=\"async\" width=\"300\" height=\"225\" class=\"alignnone size-medium wp-image-2086\" src=\"https:\/\/kikev.de\/goerlitz\/wp-content\/uploads\/sites\/5\/2025\/05\/IMG20250523165234-300x225.jpg\" alt=\"\" \/> <img loading=\"lazy\" decoding=\"async\" width=\"300\" height=\"225\" class=\"alignnone size-medium wp-image-2083\" src=\"https:\/\/kikev.de\/goerlitz\/wp-content\/uploads\/sites\/5\/2025\/05\/IMG20250523162414-300x225.jpg\" alt=\"\" \/> <img loading=\"lazy\" decoding=\"async\" width=\"225\" height=\"300\" class=\"alignnone size-medium wp-image-2081\" src=\"https:\/\/kikev.de\/goerlitz\/wp-content\/uploads\/sites\/5\/2025\/05\/IMG20250523162108-225x300.jpg\" alt=\"\" \/> <img loading=\"lazy\" decoding=\"async\" width=\"225\" height=\"300\" class=\"alignnone size-medium wp-image-2082\" src=\"https:\/\/kikev.de\/goerlitz\/wp-content\/uploads\/sites\/5\/2025\/05\/IMG20250523162252-225x300.jpg\" alt=\"\" \/><br \/>\nNach zwei Stunden ging ein ereignisreiches Fest zu Ende.<br \/>\n<img loading=\"lazy\" decoding=\"async\" width=\"225\" height=\"300\" class=\"alignnone size-medium wp-image-2076\" src=\"https:\/\/kikev.de\/goerlitz\/wp-content\/uploads\/sites\/5\/2025\/05\/IMG20250523160556-225x300.jpg\" alt=\"\" \/> <img loading=\"lazy\" decoding=\"async\" width=\"225\" height=\"300\" class=\"alignnone size-medium wp-image-2075\" src=\"https:\/\/kikev.de\/goerlitz\/wp-content\/uploads\/sites\/5\/2025\/05\/IMG20250523160406-225x300.jpg\" alt=\"\" \/> <img loading=\"lazy\" decoding=\"async\" width=\"225\" height=\"300\" class=\"alignnone size-medium wp-image-2078\" src=\"https:\/\/kikev.de\/goerlitz\/wp-content\/uploads\/sites\/5\/2025\/05\/IMG20250523161815-225x300.jpg\" alt=\"\" \/> <img loading=\"lazy\" decoding=\"async\" width=\"300\" height=\"225\" class=\"alignnone size-medium wp-image-2084\" src=\"https:\/\/kikev.de\/goerlitz\/wp-content\/uploads\/sites\/5\/2025\/05\/IMG20250523162541-300x225.jpg\" alt=\"\" \/> <img loading=\"lazy\" decoding=\"async\" width=\"225\" height=\"300\" class=\"alignnone size-medium wp-image-2079\" src=\"https:\/\/kikev.de\/goerlitz\/wp-content\/uploads\/sites\/5\/2025\/05\/IMG20250523161837-225x300.jpg\" alt=\"\" \/> <img loading=\"lazy\" decoding=\"async\" width=\"300\" height=\"225\" class=\"alignnone size-medium wp-image-2080\" src=\"https:\/\/kikev.de\/goerlitz\/wp-content\/uploads\/sites\/5\/2025\/05\/IMG20250523161919-300x225.jpg\" alt=\"\" \/> <img loading=\"lazy\" decoding=\"async\" width=\"225\" height=\"300\" class=\"alignnone size-medium wp-image-2085\" src=\"https:\/\/kikev.de\/goerlitz\/wp-content\/uploads\/sites\/5\/2025\/05\/IMG20250523163127-225x300.jpg\" alt=\"\" \/><\/p>\n","protected":false},"excerpt":{"rendered":"<p>Mit einem gro\u00dfem Gartenfest feierten wir heute den 20. Geburtstag unseres FR\u00d6BEL-Hortes. Wir m\u00f6chten uns auf diesem Wege bei allen Familien bedanken, die uns bei der Durchf\u00fchrung so tatkr\u00e4ftig unterst\u00fctzt haben. Es war ein fr\u00f6hlicher, gem\u00fctlicher Nachmittag. Als Geschenk wurde unser neues Ranzenregal eingeweiht. Nun k\u00f6nnen die Hortkinder besser Ordnung halten und auch wenn es [&hellip;]<\/p>\n","protected":false},"author":5,"featured_media":2084,"comment_status":"closed","ping_status":"closed","sticky":false,"template":"","format":"standard","meta":{"_et_pb_use_builder":"","_et_pb_old_content":"","_et_gb_content_width":"","footnotes":""},"categories":[1],"tags":[],"class_list":["post-2072","post","type-post","status-publish","format-standard","has-post-thumbnail","hentry","category-allgemein"],"_links":{"self":[{"href":"https:\/\/kikev.de\/goerlitz\/wp-json\/wp\/v2\/posts\/2072","targetHints":{"allow":["GET"]}}],"collection":[{"href":"https:\/\/kikev.de\/goerlitz\/wp-json\/wp\/v2\/posts"}],"about":[{"href":"https:\/\/kikev.de\/goerlitz\/wp-json\/wp\/v2\/types\/post"}],"author":[{"embeddable":true,"href":"https:\/\/kikev.de\/goerlitz\/wp-json\/wp\/v2\/users\/5"}],"replies":[{"embeddable":true,"href":"https:\/\/kikev.de\/goerlitz\/wp-json\/wp\/v2\/comments?post=2072"}],"version-history":[{"count":0,"href":"https:\/\/kikev.de\/goerlitz\/wp-json\/wp\/v2\/posts\/2072\/revisions"}],"wp:featuredmedia":[{"embeddable":true,"href":"https:\/\/kikev.de\/goerlitz\/wp-json\/wp\/v2\/media\/2084"}],"wp:attachment":[{"href":"https:\/\/kikev.de\/goerlitz\/wp-json\/wp\/v2\/media?parent=2072"}],"wp:term":[{"taxonomy":"category","embeddable":true,"href":"https:\/\/kikev.de\/goerlitz\/wp-json\/wp\/v2\/categories?post=2072"},{"taxonomy":"post_tag","embeddable":true,"href":"https:\/\/kikev.de\/goerlitz\/wp-json\/wp\/v2\/tags?post=2072"}],"curies":[{"name":"wp","href":"https:\/\/api.w.org\/{rel}","templated":true}]}}