{"id":1988,"date":"2024-06-15T21:44:49","date_gmt":"2024-06-15T19:44:49","guid":{"rendered":"https:\/\/kikev.de\/goerlitz\/?p=1988"},"modified":"2024-06-15T21:44:49","modified_gmt":"2024-06-15T19:44:49","slug":"zuckertuetenfest-im-kindergarten","status":"publish","type":"post","link":"https:\/\/kikev.de\/goerlitz\/2024\/06\/15\/zuckertuetenfest-im-kindergarten\/","title":{"rendered":"Zuckert\u00fctenfest im Kindergarten"},"content":{"rendered":"<p>Wieder geht ein Kindergartenjahr zu Ende und wir verabschieden 15 Vorschulkinder in die Schule! In den vergangenen Wochen habt ihr viel erlebt. Im Dorfmuseum Markersdorf habt ihr W\u00e4sche gewaschen wie zu Uromas Zeiten, ihr wandertet durch den L\u00f6nschen Park bis zum Rosenhof, konntet beim Sportfest im Stadion der Freundschaft eure Kr\u00e4fte messen und in K\u00f6nigshain am Totenstein fanden wir sogar einen Zuckert\u00fctenbaum. Das sind nur einige Beispiele.<\/p>\n<p>Heute war es nun so weit. Nach dem \u00dcbernachten im Kindergarten fand heute unser Zuckert\u00fctenfest statt. Mit einem fr\u00f6hlichen Programm habt ihr gezeigt, dass ihr klug genug seid, um in die Schule zu gehen. Zum Abschluss des wundersch\u00f6nen Vormittags gab es auch noch die wohlverdienten Zuckert\u00fcten f\u00fcr euch.<\/p>\n<p>Habt viel Freude beim Lernen in der Schule und kommt uns gern immer wieder einmal besuchen!<\/p>\n<p><img loading=\"lazy\" decoding=\"async\" width=\"300\" height=\"131\" class=\"size-medium wp-image-1989\" src=\"https:\/\/kikev.de\/goerlitz\/wp-content\/uploads\/sites\/5\/2024\/06\/IMGab20240615111529-300x131.jpg\" alt=\"\" \/><\/p>\n<p><img loading=\"lazy\" decoding=\"async\" width=\"300\" height=\"225\" class=\"size-medium wp-image-1990\" src=\"https:\/\/kikev.de\/goerlitz\/wp-content\/uploads\/sites\/5\/2024\/06\/IMGab20240615112359-300x225.jpg\" alt=\"\" \/><\/p>\n<p><img loading=\"lazy\" decoding=\"async\" width=\"300\" height=\"225\" class=\"size-medium wp-image-1991\" src=\"https:\/\/kikev.de\/goerlitz\/wp-content\/uploads\/sites\/5\/2024\/06\/IMGab20240615112607-300x225.jpg\" alt=\"\" \/><\/p>\n","protected":false},"excerpt":{"rendered":"<p>Wieder geht ein Kindergartenjahr zu Ende und wir verabschieden 15 Vorschulkinder in die Schule! In den vergangenen Wochen habt ihr viel erlebt. Im Dorfmuseum Markersdorf habt ihr W\u00e4sche gewaschen wie zu Uromas Zeiten, ihr wandertet durch den L\u00f6nschen Park bis zum Rosenhof, konntet beim Sportfest im Stadion der Freundschaft eure Kr\u00e4fte messen und in K\u00f6nigshain [&hellip;]<\/p>\n","protected":false},"author":5,"featured_media":1991,"comment_status":"closed","ping_status":"closed","sticky":false,"template":"","format":"standard","meta":{"_et_pb_use_builder":"","_et_pb_old_content":"","_et_gb_content_width":"","footnotes":""},"categories":[1],"tags":[],"class_list":["post-1988","post","type-post","status-publish","format-standard","has-post-thumbnail","hentry","category-allgemein"],"_links":{"self":[{"href":"https:\/\/kikev.de\/goerlitz\/wp-json\/wp\/v2\/posts\/1988","targetHints":{"allow":["GET"]}}],"collection":[{"href":"https:\/\/kikev.de\/goerlitz\/wp-json\/wp\/v2\/posts"}],"about":[{"href":"https:\/\/kikev.de\/goerlitz\/wp-json\/wp\/v2\/types\/post"}],"author":[{"embeddable":true,"href":"https:\/\/kikev.de\/goerlitz\/wp-json\/wp\/v2\/users\/5"}],"replies":[{"embeddable":true,"href":"https:\/\/kikev.de\/goerlitz\/wp-json\/wp\/v2\/comments?post=1988"}],"version-history":[{"count":0,"href":"https:\/\/kikev.de\/goerlitz\/wp-json\/wp\/v2\/posts\/1988\/revisions"}],"wp:featuredmedia":[{"embeddable":true,"href":"https:\/\/kikev.de\/goerlitz\/wp-json\/wp\/v2\/media\/1991"}],"wp:attachment":[{"href":"https:\/\/kikev.de\/goerlitz\/wp-json\/wp\/v2\/media?parent=1988"}],"wp:term":[{"taxonomy":"category","embeddable":true,"href":"https:\/\/kikev.de\/goerlitz\/wp-json\/wp\/v2\/categories?post=1988"},{"taxonomy":"post_tag","embeddable":true,"href":"https:\/\/kikev.de\/goerlitz\/wp-json\/wp\/v2\/tags?post=1988"}],"curies":[{"name":"wp","href":"https:\/\/api.w.org\/{rel}","templated":true}]}}