{"id":1933,"date":"2024-03-12T13:25:16","date_gmt":"2024-03-12T12:25:16","guid":{"rendered":"https:\/\/kikev.de\/goerlitz\/?p=1933"},"modified":"2024-03-12T13:25:16","modified_gmt":"2024-03-12T12:25:16","slug":"fruehjahrsputz-in-unserem-grossen-garten","status":"publish","type":"post","link":"https:\/\/kikev.de\/goerlitz\/2024\/03\/12\/fruehjahrsputz-in-unserem-grossen-garten\/","title":{"rendered":"Fr\u00fchjahrsputz in unserem gro\u00dfen Garten"},"content":{"rendered":"<p>Liebe Eltern,<\/p>\n<p><span style=\"color: #ff0000\"><strong><span style=\"font-size: 24pt\">am Sonnabend, den 16. M\u00e4rz, von 9-11 Uhr, <\/span><\/strong><\/span><\/p>\n<p>m\u00f6chten wir unseren Garten auf den Fr\u00fchling vorbereiten.<br \/>\nLetzten Herbst ist das Laub erst sehr sp\u00e4t herabgefallen &#8211; nach unserem Herbstputz,\u00a0 so dass auch jetzt noch viel davon im Garten liegt. Das wollen wir unbedingt \u00e4ndern. Wer m\u00f6chte, kann gern seinen eigenen Laubrechen mitbringen. Wer eine Schubkarre hat, kann diese ebenfalls mitbringen.<br \/>\nAu\u00dferdem wecken wir unsere Beete in den &#8222;G\u00e4rten der Kinder&#8220; aus dem Winterschlaf und unser Spielzeugschuppen muss gr\u00fcndlich gereinigt werden.<br \/>\nUnter einigen Spielger\u00e4ten sollte\u00a0 auch der Fallschutz gelockert werden.<\/p>\n<p>Sie haben Lust auf einen Vormittag an frischer Fr\u00fchlingsluft und wollen uns helfen? Prima, wir freuen uns auf sie!<br \/>\nDie Kinder d\u00fcrfen nat\u00fcrlich gern mitkommen und ebenfalls flei\u00dfig helfen.<\/p>\n<p>Mit freundlichen Gr\u00fc\u00dfen<\/p>\n<p>Ihr Kinderhaus-Team<\/p>\n","protected":false},"excerpt":{"rendered":"<p>Liebe Eltern, am Sonnabend, den 16. M\u00e4rz, von 9-11 Uhr, m\u00f6chten wir unseren Garten auf den Fr\u00fchling vorbereiten. Letzten Herbst ist das Laub erst sehr sp\u00e4t herabgefallen &#8211; nach unserem Herbstputz,\u00a0 so dass auch jetzt noch viel davon im Garten liegt. Das wollen wir unbedingt \u00e4ndern. Wer m\u00f6chte, kann gern seinen eigenen Laubrechen mitbringen. Wer [&hellip;]<\/p>\n","protected":false},"author":5,"featured_media":1934,"comment_status":"closed","ping_status":"closed","sticky":false,"template":"","format":"standard","meta":{"_et_pb_use_builder":"","_et_pb_old_content":"","_et_gb_content_width":"","footnotes":""},"categories":[1],"tags":[],"class_list":["post-1933","post","type-post","status-publish","format-standard","has-post-thumbnail","hentry","category-allgemein"],"_links":{"self":[{"href":"https:\/\/kikev.de\/goerlitz\/wp-json\/wp\/v2\/posts\/1933","targetHints":{"allow":["GET"]}}],"collection":[{"href":"https:\/\/kikev.de\/goerlitz\/wp-json\/wp\/v2\/posts"}],"about":[{"href":"https:\/\/kikev.de\/goerlitz\/wp-json\/wp\/v2\/types\/post"}],"author":[{"embeddable":true,"href":"https:\/\/kikev.de\/goerlitz\/wp-json\/wp\/v2\/users\/5"}],"replies":[{"embeddable":true,"href":"https:\/\/kikev.de\/goerlitz\/wp-json\/wp\/v2\/comments?post=1933"}],"version-history":[{"count":0,"href":"https:\/\/kikev.de\/goerlitz\/wp-json\/wp\/v2\/posts\/1933\/revisions"}],"wp:featuredmedia":[{"embeddable":true,"href":"https:\/\/kikev.de\/goerlitz\/wp-json\/wp\/v2\/media\/1934"}],"wp:attachment":[{"href":"https:\/\/kikev.de\/goerlitz\/wp-json\/wp\/v2\/media?parent=1933"}],"wp:term":[{"taxonomy":"category","embeddable":true,"href":"https:\/\/kikev.de\/goerlitz\/wp-json\/wp\/v2\/categories?post=1933"},{"taxonomy":"post_tag","embeddable":true,"href":"https:\/\/kikev.de\/goerlitz\/wp-json\/wp\/v2\/tags?post=1933"}],"curies":[{"name":"wp","href":"https:\/\/api.w.org\/{rel}","templated":true}]}}