{"id":1728,"date":"2023-02-14T09:33:41","date_gmt":"2023-02-14T08:33:41","guid":{"rendered":"https:\/\/kikev.de\/goerlitz\/?p=1728"},"modified":"2023-02-14T09:33:41","modified_gmt":"2023-02-14T08:33:41","slug":"baumfaellarbeiten","status":"publish","type":"post","link":"https:\/\/kikev.de\/goerlitz\/2023\/02\/14\/baumfaellarbeiten\/","title":{"rendered":"Baumf\u00e4llarbeiten"},"content":{"rendered":"<p>Im Garten neben unserem Hof wurde jetzt die gro\u00dfe Birke gef\u00e4llt. Das war f\u00fcr uns alle sehr interessant zu beobachten, wie der Arbeiter mit der gro\u00dfen Motors\u00e4ge auf einer Hebeb\u00fchne in die H\u00f6he gefahren wurde.<\/p>\n<p>Aber wir sind auch ein bisschen traurig. Wo wird sich das Taubenpaar nun sein neues Nest bauen? Wo wird der Specht eine neue H\u00f6hle finden?<\/p>\n<p>Auch haben wir jetzt von Hof und Terrasse einen ganz anderen, freieren Ausblick und wahrscheinlich morgens zum Fr\u00fchst\u00fcck schon viel mehr Sonne.<\/p>\n<p>Da auch in unserer Stadt viele B\u00e4ume gef\u00e4llt wurden, hatten wir auch da Gelegenheit zuzusehen. Der Bagger fuhr seinen langen Kranarm aus, hielt den Baumstamm mit vier Krallenfingern fest und s\u00e4gte dann den Stamm darunter ab. Es war f\u00fcr ihn ganz leicht, den Stamm in die H\u00f6he zu heben und dann am Boden abzulegen.<\/p>\n<p>Das war so interessant, dass danach einige Bilder entstanden.<\/p>\n<p><img loading=\"lazy\" decoding=\"async\" width=\"300\" height=\"200\" class=\"alignnone size-medium wp-image-1729\" src=\"https:\/\/kikev.de\/goerlitz\/wp-content\/uploads\/sites\/5\/2023\/02\/w1020359-300x200.jpg\" alt=\"\" \/> <img loading=\"lazy\" decoding=\"async\" width=\"200\" height=\"300\" class=\"alignnone size-medium wp-image-1730\" src=\"https:\/\/kikev.de\/goerlitz\/wp-content\/uploads\/sites\/5\/2023\/02\/w1020363-200x300.jpg\" alt=\"\" \/> <img loading=\"lazy\" decoding=\"async\" width=\"200\" height=\"300\" class=\"alignnone size-medium wp-image-1731\" src=\"https:\/\/kikev.de\/goerlitz\/wp-content\/uploads\/sites\/5\/2023\/02\/w1020364-200x300.jpg\" alt=\"\" \/> <img loading=\"lazy\" decoding=\"async\" width=\"300\" height=\"200\" class=\"alignnone size-medium wp-image-1732\" src=\"https:\/\/kikev.de\/goerlitz\/wp-content\/uploads\/sites\/5\/2023\/02\/w1020365-300x200.jpg\" alt=\"\" \/> <img loading=\"lazy\" decoding=\"async\" width=\"300\" height=\"186\" class=\"alignnone size-medium wp-image-1733\" src=\"https:\/\/kikev.de\/goerlitz\/wp-content\/uploads\/sites\/5\/2023\/02\/w1020366-300x186.jpg\" alt=\"\" \/> <img loading=\"lazy\" decoding=\"async\" width=\"300\" height=\"206\" class=\"alignnone size-medium wp-image-1734\" src=\"https:\/\/kikev.de\/goerlitz\/wp-content\/uploads\/sites\/5\/2023\/02\/w1020367-300x206.jpg\" alt=\"\" \/><\/p>\n","protected":false},"excerpt":{"rendered":"<p>Im Garten neben unserem Hof wurde jetzt die gro\u00dfe Birke gef\u00e4llt. Das war f\u00fcr uns alle sehr interessant zu beobachten, wie der Arbeiter mit der gro\u00dfen Motors\u00e4ge auf einer Hebeb\u00fchne in die H\u00f6he gefahren wurde. Aber wir sind auch ein bisschen traurig. Wo wird sich das Taubenpaar nun sein neues Nest bauen? Wo wird der [&hellip;]<\/p>\n","protected":false},"author":5,"featured_media":1733,"comment_status":"closed","ping_status":"closed","sticky":false,"template":"","format":"standard","meta":{"_et_pb_use_builder":"","_et_pb_old_content":"","_et_gb_content_width":"","footnotes":""},"categories":[1],"tags":[],"class_list":["post-1728","post","type-post","status-publish","format-standard","has-post-thumbnail","hentry","category-allgemein"],"_links":{"self":[{"href":"https:\/\/kikev.de\/goerlitz\/wp-json\/wp\/v2\/posts\/1728","targetHints":{"allow":["GET"]}}],"collection":[{"href":"https:\/\/kikev.de\/goerlitz\/wp-json\/wp\/v2\/posts"}],"about":[{"href":"https:\/\/kikev.de\/goerlitz\/wp-json\/wp\/v2\/types\/post"}],"author":[{"embeddable":true,"href":"https:\/\/kikev.de\/goerlitz\/wp-json\/wp\/v2\/users\/5"}],"replies":[{"embeddable":true,"href":"https:\/\/kikev.de\/goerlitz\/wp-json\/wp\/v2\/comments?post=1728"}],"version-history":[{"count":0,"href":"https:\/\/kikev.de\/goerlitz\/wp-json\/wp\/v2\/posts\/1728\/revisions"}],"wp:featuredmedia":[{"embeddable":true,"href":"https:\/\/kikev.de\/goerlitz\/wp-json\/wp\/v2\/media\/1733"}],"wp:attachment":[{"href":"https:\/\/kikev.de\/goerlitz\/wp-json\/wp\/v2\/media?parent=1728"}],"wp:term":[{"taxonomy":"category","embeddable":true,"href":"https:\/\/kikev.de\/goerlitz\/wp-json\/wp\/v2\/categories?post=1728"},{"taxonomy":"post_tag","embeddable":true,"href":"https:\/\/kikev.de\/goerlitz\/wp-json\/wp\/v2\/tags?post=1728"}],"curies":[{"name":"wp","href":"https:\/\/api.w.org\/{rel}","templated":true}]}}