{"id":1717,"date":"2023-01-21T19:56:48","date_gmt":"2023-01-21T18:56:48","guid":{"rendered":"https:\/\/kikev.de\/goerlitz\/?p=1717"},"modified":"2023-01-25T13:27:55","modified_gmt":"2023-01-25T12:27:55","slug":"vogelhochzeit-2023","status":"publish","type":"post","link":"https:\/\/kikev.de\/goerlitz\/2023\/01\/21\/vogelhochzeit-2023\/","title":{"rendered":"Vogelhochzeit 2023"},"content":{"rendered":"<p>Seit zwei Wochen bereiten die Kinder aller Gruppen das Fest der Vogelhochzeit vor. Daf\u00fcr wird nicht nur das Lied von der &#8222;Vogelhochzeit&#8220; gelernt und gesungen, viel Wissenswertes \u00fcber Aussehen und Lebensweise der verschiedenen V\u00f6gel und Vogelarten gelernt, sondern es entstehen auch viele V\u00f6gel &#8211; gemalt, geformt, geklebt oder gefaltet. Es werden F\u00e4den zu Nestern gelegt oder Birkenzweige zu kleinen Nestern gewunden. Dort lassen sich ausgeschnittene V\u00f6gel nieder.<\/p>\n<p><img loading=\"lazy\" decoding=\"async\" width=\"300\" height=\"89\" class=\"alignnone size-medium wp-image-1721\" src=\"https:\/\/kikev.de\/goerlitz\/wp-content\/uploads\/sites\/5\/2023\/01\/w1020257-300x89.jpg\" alt=\"\" \/> <img loading=\"lazy\" decoding=\"async\" width=\"300\" height=\"200\" class=\"alignnone size-medium wp-image-1722\" src=\"https:\/\/kikev.de\/goerlitz\/wp-content\/uploads\/sites\/5\/2023\/01\/w1010210-300x200.jpg\" alt=\"\" \/> <img loading=\"lazy\" decoding=\"async\" width=\"300\" height=\"200\" class=\"alignnone size-medium wp-image-1723\" src=\"https:\/\/kikev.de\/goerlitz\/wp-content\/uploads\/sites\/5\/2023\/01\/w1010211-300x200.jpg\" alt=\"\" \/> <img loading=\"lazy\" decoding=\"async\" width=\"300\" height=\"256\" class=\"alignnone size-medium wp-image-1724\" src=\"https:\/\/kikev.de\/goerlitz\/wp-content\/uploads\/sites\/5\/2023\/01\/w1020255-300x256.jpg\" alt=\"\" \/><img loading=\"lazy\" decoding=\"async\" width=\"152\" height=\"300\" class=\"alignnone size-medium wp-image-1726\" src=\"https:\/\/kikev.de\/goerlitz\/wp-content\/uploads\/sites\/5\/2023\/01\/w1020307-152x300.jpg\" alt=\"\" \/><\/p>\n","protected":false},"excerpt":{"rendered":"<p>Seit zwei Wochen bereiten die Kinder aller Gruppen das Fest der Vogelhochzeit vor. Daf\u00fcr wird nicht nur das Lied von der &#8222;Vogelhochzeit&#8220; gelernt und gesungen, viel Wissenswertes \u00fcber Aussehen und Lebensweise der verschiedenen V\u00f6gel und Vogelarten gelernt, sondern es entstehen auch viele V\u00f6gel &#8211; gemalt, geformt, geklebt oder gefaltet. Es werden F\u00e4den zu Nestern gelegt [&hellip;]<\/p>\n","protected":false},"author":5,"featured_media":1722,"comment_status":"closed","ping_status":"closed","sticky":false,"template":"","format":"standard","meta":{"_et_pb_use_builder":"","_et_pb_old_content":"","_et_gb_content_width":"","footnotes":""},"categories":[1],"tags":[],"class_list":["post-1717","post","type-post","status-publish","format-standard","has-post-thumbnail","hentry","category-allgemein"],"_links":{"self":[{"href":"https:\/\/kikev.de\/goerlitz\/wp-json\/wp\/v2\/posts\/1717","targetHints":{"allow":["GET"]}}],"collection":[{"href":"https:\/\/kikev.de\/goerlitz\/wp-json\/wp\/v2\/posts"}],"about":[{"href":"https:\/\/kikev.de\/goerlitz\/wp-json\/wp\/v2\/types\/post"}],"author":[{"embeddable":true,"href":"https:\/\/kikev.de\/goerlitz\/wp-json\/wp\/v2\/users\/5"}],"replies":[{"embeddable":true,"href":"https:\/\/kikev.de\/goerlitz\/wp-json\/wp\/v2\/comments?post=1717"}],"version-history":[{"count":0,"href":"https:\/\/kikev.de\/goerlitz\/wp-json\/wp\/v2\/posts\/1717\/revisions"}],"wp:featuredmedia":[{"embeddable":true,"href":"https:\/\/kikev.de\/goerlitz\/wp-json\/wp\/v2\/media\/1722"}],"wp:attachment":[{"href":"https:\/\/kikev.de\/goerlitz\/wp-json\/wp\/v2\/media?parent=1717"}],"wp:term":[{"taxonomy":"category","embeddable":true,"href":"https:\/\/kikev.de\/goerlitz\/wp-json\/wp\/v2\/categories?post=1717"},{"taxonomy":"post_tag","embeddable":true,"href":"https:\/\/kikev.de\/goerlitz\/wp-json\/wp\/v2\/tags?post=1717"}],"curies":[{"name":"wp","href":"https:\/\/api.w.org\/{rel}","templated":true}]}}