{"id":1581,"date":"2022-02-02T13:03:59","date_gmt":"2022-02-02T12:03:59","guid":{"rendered":"https:\/\/kikev.de\/goerlitz\/?p=1581"},"modified":"2022-02-02T13:03:59","modified_gmt":"2022-02-02T12:03:59","slug":"vogelhochzeit-2022","status":"publish","type":"post","link":"https:\/\/kikev.de\/goerlitz\/2022\/02\/02\/vogelhochzeit-2022\/","title":{"rendered":"Vogelhochzeit 2022"},"content":{"rendered":"<p>Leider konnten wir auch in diesem Jahr nicht gemeinsam das Fest der Vogelhochzeit feiern. Deshalb gestalteten alle Gruppen das Fest f\u00fcr sich. So bastelten sich die Kinder eigene Vogelmasken, verkleideten sich und f\u00fchrten gemeinsam das Singspiel auf. Im Hort bereiteten die Kinder der zweiten Klasse den Erstkl\u00e4sslern ihrer Gruppe diese Theater\u00fcberraschung. Im Anschluss gab es fr\u00f6hlichen Tanz und leckere Pl\u00e4tzchen f\u00fcr alle Kinder.<\/p>\n<p><img loading=\"lazy\" decoding=\"async\" width=\"300\" height=\"213\" class=\"alignnone size-medium wp-image-1582\" src=\"https:\/\/kikev.de\/goerlitz\/wp-content\/uploads\/sites\/5\/2022\/02\/IMG-20220126-WA0014-300x213.jpg\" alt=\"\" \/> <img loading=\"lazy\" decoding=\"async\" width=\"300\" height=\"224\" class=\"alignnone size-medium wp-image-1583\" src=\"https:\/\/kikev.de\/goerlitz\/wp-content\/uploads\/sites\/5\/2022\/02\/P1000921a-300x224.jpg\" alt=\"\" \/> <img loading=\"lazy\" decoding=\"async\" width=\"300\" height=\"211\" class=\"alignnone size-medium wp-image-1584\" src=\"https:\/\/kikev.de\/goerlitz\/wp-content\/uploads\/sites\/5\/2022\/02\/IMG-20220120-WA0006-300x211.jpg\" alt=\"\" \/> <img loading=\"lazy\" decoding=\"async\" width=\"225\" height=\"300\" class=\"alignnone size-medium wp-image-1585\" src=\"https:\/\/kikev.de\/goerlitz\/wp-content\/uploads\/sites\/5\/2022\/02\/P1000923-225x300.jpg\" alt=\"\" \/> <img loading=\"lazy\" decoding=\"async\" width=\"225\" height=\"300\" class=\"alignnone size-medium wp-image-1586\" src=\"https:\/\/kikev.de\/goerlitz\/wp-content\/uploads\/sites\/5\/2022\/02\/P1000927-225x300.jpg\" alt=\"\" \/><\/p>\n","protected":false},"excerpt":{"rendered":"<p>Leider konnten wir auch in diesem Jahr nicht gemeinsam das Fest der Vogelhochzeit feiern. Deshalb gestalteten alle Gruppen das Fest f\u00fcr sich. So bastelten sich die Kinder eigene Vogelmasken, verkleideten sich und f\u00fchrten gemeinsam das Singspiel auf. Im Hort bereiteten die Kinder der zweiten Klasse den Erstkl\u00e4sslern ihrer Gruppe diese Theater\u00fcberraschung. Im Anschluss gab es [&hellip;]<\/p>\n","protected":false},"author":5,"featured_media":1584,"comment_status":"closed","ping_status":"closed","sticky":false,"template":"","format":"standard","meta":{"_et_pb_use_builder":"","_et_pb_old_content":"","_et_gb_content_width":"","footnotes":""},"categories":[1],"tags":[],"class_list":["post-1581","post","type-post","status-publish","format-standard","has-post-thumbnail","hentry","category-allgemein"],"_links":{"self":[{"href":"https:\/\/kikev.de\/goerlitz\/wp-json\/wp\/v2\/posts\/1581","targetHints":{"allow":["GET"]}}],"collection":[{"href":"https:\/\/kikev.de\/goerlitz\/wp-json\/wp\/v2\/posts"}],"about":[{"href":"https:\/\/kikev.de\/goerlitz\/wp-json\/wp\/v2\/types\/post"}],"author":[{"embeddable":true,"href":"https:\/\/kikev.de\/goerlitz\/wp-json\/wp\/v2\/users\/5"}],"replies":[{"embeddable":true,"href":"https:\/\/kikev.de\/goerlitz\/wp-json\/wp\/v2\/comments?post=1581"}],"version-history":[{"count":0,"href":"https:\/\/kikev.de\/goerlitz\/wp-json\/wp\/v2\/posts\/1581\/revisions"}],"wp:featuredmedia":[{"embeddable":true,"href":"https:\/\/kikev.de\/goerlitz\/wp-json\/wp\/v2\/media\/1584"}],"wp:attachment":[{"href":"https:\/\/kikev.de\/goerlitz\/wp-json\/wp\/v2\/media?parent=1581"}],"wp:term":[{"taxonomy":"category","embeddable":true,"href":"https:\/\/kikev.de\/goerlitz\/wp-json\/wp\/v2\/categories?post=1581"},{"taxonomy":"post_tag","embeddable":true,"href":"https:\/\/kikev.de\/goerlitz\/wp-json\/wp\/v2\/tags?post=1581"}],"curies":[{"name":"wp","href":"https:\/\/api.w.org\/{rel}","templated":true}]}}